{"id":95,"date":"2015-03-05T09:45:22","date_gmt":"2015-03-05T09:45:22","guid":{"rendered":"http:\/\/trailtech-mountainbike-harz.de.w006f846.kasserver.com\/einharzfuermtb-blog\/?p=95"},"modified":"2018-05-24T13:29:19","modified_gmt":"2018-05-24T13:29:19","slug":"mountainbike-tourismusforum-10-11-06-2015","status":"publish","type":"post","link":"https:\/\/einharzfuermtb.de\/?p=95","title":{"rendered":"Mountainbike Tourismusforum 10.-11.06.2015"},"content":{"rendered":"<div class=\"col-sm-6 col-sm-offset-1\">\n<p class=\"lead\">Der Harz ist eines der sch\u00f6nsten Mittelgebirge in Deutschland und f\u00fcr Mountainbiker ein wahres Paradies. Das es im Harz manchmal &#8222;<em>nur langsam<\/em>&#8220; voran geht und das gro\u00dfe Potential welches die Region bietet nicht genutzt wird, ist zum Gro\u00dfteil einer unzureichenden Kommunikation und mangelhafter Informationspolitik geschuldet. Hier setzen<strong> Norman Bielig<\/strong> (<a href=\"http:\/\/www.wom-medien.de\">WoM Medien GmbH<\/a>) und Philipp Heinrich (<a href=\"http:\/\/www.absolut-gps.com\">absolutGPS<\/a>) an und laden am 10.-11.06.2015 zum ersten <a href=\"http:\/\/www.mountainbike-tourismusforum.de\/\"><strong>MOUNTAINBIKE TOURISMUSFORUM<\/strong><\/a> nach Bischofsgr\u00fcn. Thema Thema ist &#8222;Aufbruch&#8220; und genau das braucht es auch bei uns im Harz!<br \/>\nDeutschland hat beste Voraussetzungen f\u00fcr exzellenten MTB-Tourismus: vielf\u00e4ltige Landschaften, einen starken Heimatmarkt und eine engagierte MTB-Szene. Trotzdem steckt die Branche in den Kinderschuhen. Das Mountainbike Tourismusforum Deutschland ist angetreten, dies zu \u00e4ndern. Gemeinsam mit den Akteuren der Branchen wollen wir das Potenzial heben und Deutschland als MTB-Destination von Weltrang etablieren. Das Forum steht f\u00fcr eine Professionalisierung des nationalen Mountainbike-Tourismus. Dazu agiert es als Denkfabrik und fungiert als Raum zur Vernetzung und zum Dialog. Es versteht sich als wesentliche Schnittstelle bei der nachhaltigen Entwicklung des l\u00e4ndlichen touristischen Raums f\u00fcr die Akteure der Branche \u2013 f\u00fcr Touristiker, Gastgeber, Guides, Veranstalter, Agenturen, Akademiker, Medienvertreter, Politik und Verwaltung, Interessensverb\u00e4nde, Investoren und Hersteller.<\/p>\n<\/div>\n","protected":false},"excerpt":{"rendered":"<p>Der Harz ist eines der sch\u00f6nsten Mittelgebirge in Deutschland und f\u00fcr Mountainbiker ein wahres Paradies. Das es im Harz manchmal &#8222;nur langsam&#8220; voran geht und das gro\u00dfe Potential welches die Region bietet nicht genutzt wird, ist zum Gro\u00dfteil einer unzureichenden Kommunikation und mangelhafter Informationspolitik geschuldet. Hier setzen Norman Bielig (WoM Medien GmbH) und Philipp Heinrich (absolutGPS) an und laden am 10.-11.06.2015 zum ersten MOUNTAINBIKE TOURISMUSFORUM nach Bischofsgr\u00fcn. Thema Thema ist &#8222;Aufbruch&#8220; und genau das braucht es auch bei uns im Harz! Deutschland hat beste Voraussetzungen f\u00fcr exzellenten MTB-Tourismus: vielf\u00e4ltige Landschaften, einen starken Heimatmarkt und eine engagierte MTB-Szene. Trotzdem steckt die Branche in den Kinderschuhen. Das Mountainbike Tourismusforum Deutschland ist angetreten, dies zu \u00e4ndern. Gemeinsam mit den Akteuren der Branchen wollen wir das Potenzial heben und Deutschland als MTB-Destination von Weltrang etablieren. Das Forum steht f\u00fcr eine Professionalisierung des nationalen Mountainbike-Tourismus. Dazu agiert es als Denkfabrik und fungiert als Raum zur Vernetzung und zum Dialog. Es versteht sich als wesentliche Schnittstelle bei der nachhaltigen Entwicklung des l\u00e4ndlichen touristischen Raums f\u00fcr die Akteure der Branche \u2013 f\u00fcr Touristiker, Gastgeber, Guides, Veranstalter, Agenturen, Akademiker, Medienvertreter, Politik und Verwaltung, Interessensverb\u00e4nde, Investoren und Hersteller.<\/p>\n","protected":false},"author":3,"featured_media":96,"comment_status":"closed","ping_status":"closed","sticky":false,"template":"","format":"standard","meta":{"spay_email":"","jetpack_publicize_message":"","jetpack_is_tweetstorm":false},"categories":[26],"tags":[32,30,6,31],"jetpack_featured_media_url":"https:\/\/einharzfuermtb.de\/wp-content\/uploads\/2015\/03\/logo-mtb-tourismusforum-deutschland.png","jetpack_publicize_connections":[],"jetpack_sharing_enabled":false,"jetpack_shortlink":"https:\/\/wp.me\/p5GeNT-1x","_links":{"self":[{"href":"https:\/\/einharzfuermtb.de\/index.php?rest_route=\/wp\/v2\/posts\/95"}],"collection":[{"href":"https:\/\/einharzfuermtb.de\/index.php?rest_route=\/wp\/v2\/posts"}],"about":[{"href":"https:\/\/einharzfuermtb.de\/index.php?rest_route=\/wp\/v2\/types\/post"}],"author":[{"embeddable":true,"href":"https:\/\/einharzfuermtb.de\/index.php?rest_route=\/wp\/v2\/users\/3"}],"replies":[{"embeddable":true,"href":"https:\/\/einharzfuermtb.de\/index.php?rest_route=%2Fwp%2Fv2%2Fcomments&post=95"}],"version-history":[{"count":1,"href":"https:\/\/einharzfuermtb.de\/index.php?rest_route=\/wp\/v2\/posts\/95\/revisions"}],"predecessor-version":[{"id":97,"href":"https:\/\/einharzfuermtb.de\/index.php?rest_route=\/wp\/v2\/posts\/95\/revisions\/97"}],"wp:featuredmedia":[{"embeddable":true,"href":"https:\/\/einharzfuermtb.de\/index.php?rest_route=\/wp\/v2\/media\/96"}],"wp:attachment":[{"href":"https:\/\/einharzfuermtb.de\/index.php?rest_route=%2Fwp%2Fv2%2Fmedia&parent=95"}],"wp:term":[{"taxonomy":"category","embeddable":true,"href":"https:\/\/einharzfuermtb.de\/index.php?rest_route=%2Fwp%2Fv2%2Fcategories&post=95"},{"taxonomy":"post_tag","embeddable":true,"href":"https:\/\/einharzfuermtb.de\/index.php?rest_route=%2Fwp%2Fv2%2Ftags&post=95"}],"curies":[{"name":"wp","href":"https:\/\/api.w.org\/{rel}","templated":true}]}}